{"id":17185,"date":"2026-09-04T09:32:01","date_gmt":"2026-09-04T07:32:01","guid":{"rendered":"https:\/\/l33.hu\/?p=17185"},"modified":"2026-09-04T09:32:02","modified_gmt":"2026-09-04T07:32:02","slug":"petefeszek-ciszta-mikor-artalmatlan-es-mikor-kell-miatta-orvoshoz-fordulni","status":"publish","type":"post","link":"https:\/\/l33.hu\/en\/petefeszek-ciszta-mikor-artalmatlan-es-mikor-kell-miatta-orvoshoz-fordulni\/","title":{"rendered":"Petef\u00e9szek-ciszta: mikor \u00e1rtalmatlan, \u00e9s mikor kell miatta orvoshoz fordulni?"},"content":{"rendered":"<p class=\"wp-block-paragraph\"><strong>A n\u0151gy\u00f3gy\u00e1szati ultrahang k\u00e9perny\u0151j\u00e9n megjelenik egy s\u00f6t\u00e9t folt, \u00e9s a k\u00f6vetkez\u0151 mondat ut\u00e1n \u2013 \u201evan itt egy petef\u00e9szek-ciszta&#8221; \u2013 sok p\u00e1ciensnek elakad a l\u00e9legzete. Pedig a ciszta sz\u00f3 a rendel\u0151ben nagyon ritk\u00e1n jelenti azt, amit\u0151l els\u0151re mindenki megijed. A petef\u00e9szek-ciszt\u00e1k t\u00falnyom\u00f3 t\u00f6bbs\u00e9ge nem betegs\u00e9g, hanem a petef\u00e9szek m\u0171k\u00f6d\u00e9s\u00e9nek teljesen term\u00e9szetes velej\u00e1r\u00f3ja.<\/strong><\/p><p class=\"wp-block-paragraph\">A t\u00e9m\u00e1ban <a href=\"https:\/\/l33.hu\/en\/dr-szigethy-tamas\/\"><strong>Dr. Tam\u00e1s Szigethy<\/strong>, az L33 Medical sz\u00fcl\u00e9sz-n\u0151gy\u00f3gy\u00e1sza<\/a> van a seg\u00edts\u00e9g\u00fcnkre.<\/p><h4 class=\"wp-block-heading\"><strong>Ami a legt\u00f6bb esetben t\u00f6rt\u00e9nik: a ciszta j\u00f6n, azt\u00e1n megy<\/strong><\/h4><p class=\"wp-block-paragraph\">A fogamz\u00f3k\u00e9pes korban l\u00e9v\u0151 n\u0151k petef\u00e9szke minden ciklusban egy folyad\u00e9kkal telt h\u00f3lyagot, \u00fagynevezett t\u00fcsz\u0151t \u00e9rlel. Ha a t\u00fcsz\u0151 nem reped meg, vagy a pete\u00e9r\u00e9s ut\u00e1n a hely\u00e9n marad\u00f3 s\u00e1rgatest folyad\u00e9kot gy\u0171jt, l\u00e9trej\u00f6n egy funkcion\u00e1lis ciszta. Ezek a leggyakoribb petef\u00e9szek-ciszt\u00e1k, \u00e9s a nev\u00fck is el\u00e1rulja a l\u00e9nyeget: a petef\u00e9szek norm\u00e1l m\u0171k\u00f6d\u00e9s\u00e9hez tartoznak. Jellemz\u0151en n\u00e9h\u00e1ny h\u00e9ten, egy-k\u00e9t cikluson bel\u00fcl magukt\u00f3l felsz\u00edv\u00f3dnak, minden beavatkoz\u00e1s n\u00e9lk\u00fcl.<\/p><p class=\"wp-block-paragraph\">\u00c9ppen ez\u00e9rt, ha ilyen ciszt\u00e1t tal\u00e1lunk, sokszor a legjobb \u201ekezel\u00e9s&#8221; a t\u00fcrelem: egy kontroll-ultrahang 6\u201312 h\u00e9t m\u00falva, lehet\u0151leg a ciklus elej\u00e9n. Ha addigra elt\u0171nt \u2013 m\u00e1rpedig legt\u00f6bbsz\u00f6r elt\u0171nik \u2013, akkor pontosan azt csin\u00e1lta, amit egy funkcion\u00e1lis ciszt\u00e1t\u00f3l v\u00e1runk.<\/p><h4 class=\"wp-block-heading\"><strong>Nem minden ciszta egyforma<\/strong><\/h4><p class=\"wp-block-paragraph\">Vannak azonban olyan ciszt\u00e1k, amelyek nem a ciklus \u201emell\u00e9kterm\u00e9kei&#8221;. Ilyen a csokol\u00e1d\u00e9ciszta (endometri\u00f3ma), amely az endometri\u00f3zishoz k\u00f6t\u0151dik, a dermoid ciszta (\u00e9rett terat\u00f3ma), vagy a k\u00fcl\u00f6nf\u00e9le j\u00f3- \u00e9s rosszindulat\u00fa daganatok. Ezek nem t\u0171nnek el magukt\u00f3l, \u00e9s van k\u00f6z\u00f6tt\u00fck, amelyik komolyabb kivizsg\u00e1l\u00e1st ig\u00e9nyel.<\/p><p class=\"wp-block-paragraph\">Ma m\u00e1r sokkal pontosabban meg tudjuk mondani, melyik ciszta gyan\u00fas \u00e9s melyik nem. A nemzetk\u00f6zi gyakorlatban egyre ink\u00e1bb egy struktur\u00e1lt ultrahangos pontrendszert (O-RADS) haszn\u00e1lunk, amely a ciszta megjelen\u00e9se \u2013 fala, bels\u0151 szerkezete, v\u00e9rell\u00e1t\u00e1sa \u2013 alapj\u00e1n kategoriz\u00e1lja, mennyire val\u00f3sz\u00edn\u0171, hogy \u00e1rtalmatlan. Ennek nagy a gyakorlati haszna: sokkal kevesebb n\u0151t k\u00fcld\u00fcnk f\u00f6l\u00f6slegesen m\u0171t\u00e9tre olyasmi\u00e9rt, ami mag\u00e1t\u00f3l rendez\u0151dne, ugyanakkor a val\u00f3ban gyan\u00fas elt\u00e9r\u00e9seket id\u0151ben kisz\u0171rj\u00fck.<\/p><h4 class=\"wp-block-heading\"><strong>A k\u00e9t leggyakoribb t\u00e9vhit<\/strong><\/h4><p class=\"wp-block-paragraph\">Az egyik, hogy \u201eha ciszta, akkor m\u0171teni kell&#8221;. Nem. A funkcion\u00e1lis ciszt\u00e1k d\u00f6nt\u0151 t\u00f6bbs\u00e9g\u00e9n\u00e9l a m\u0171t\u00e9t nemcsak f\u00f6l\u00f6sleges, hanem kifejezetten k\u00e1ros is lehet, mert minden petef\u00e9szek-beavatkoz\u00e1s eg\u00e9szs\u00e9ges petef\u00e9szek-sz\u00f6vetet is \u201eelvisz&#8221;.<\/p><p class=\"wp-block-paragraph\">A m\u00e1sik, hogy \u201ea ciszta r\u00e1k&#8221;. A fogamz\u00f3k\u00e9pes kor\u00fa n\u0151kn\u00e9l tal\u00e1lt petef\u00e9szek-ciszt\u00e1k els\u00f6pr\u0151 t\u00f6bbs\u00e9ge j\u00f3indulat\u00fa. A rosszindulat kock\u00e1zata az \u00e9letkorral \u00e9s bizonyos ultrahangos jelekkel n\u0151, pontosan ez\u00e9rt n\u00e9zz\u00fck meg alaposan, nem pedig az\u00e9rt, mert alapb\u00f3l erre sz\u00e1m\u00edtunk.<\/p><p class=\"wp-block-paragraph\">Az esetek nagy r\u00e9sz\u00e9ben a ciszt\u00e1t nem is a panasz miatt tal\u00e1ljuk meg, hanem v\u00e9letlen\u00fcl, egy rutinvizsg\u00e1laton. \u00c9s ez teljesen rendben van. Egy t\u00fcnetmentes, n\u00e9h\u00e1ny centis, sima fal\u00fa ciszta \u00f6nmag\u00e1ban nem indok a p\u00e1nikra. Sokkal ink\u00e1bb egy \u201en\u00e9zz\u00fck meg p\u00e1r h\u00e9t m\u00falva \u00fajra&#8221; helyzet. A c\u00e9l nem az azonnali cselekv\u00e9s, hanem a k\u00f6vet\u00e9s.<\/p><h4 class=\"wp-block-heading\"><strong>Mikor NE v\u00e1rj?<\/strong><\/h4><p class=\"wp-block-paragraph\">Van n\u00e9h\u00e1ny jel, amikor a ciszta t\u00e9nyleg s\u00fcrg\u0151s. A leggyakoribb a hirtelen jelentkez\u0151, \u00e9les, jellemz\u0151en f\u00e9loldali alhasi f\u00e1jdalom. Ez a ciszta megreped\u00e9s\u00e9t vagy a petef\u00e9szek megcsavarod\u00e1s\u00e1t (torzi\u00f3) jelezheti, ut\u00f3bbi val\u00f3di n\u0151gy\u00f3gy\u00e1szati v\u00e9szhelyzet. Ha a f\u00e1jdalomhoz h\u00e1nyinger, h\u00e1ny\u00e1s, \u00e1jul\u00e1s\u00e9rz\u00e9s vagy l\u00e1z t\u00e1rsul, az azonnali orvosi ell\u00e1t\u00e1st k\u00edv\u00e1n. Szint\u00e9n \u00e9rdemes soron k\u00edv\u00fcl vizsg\u00e1latra menni, ha:<\/p><ul class=\"wp-block-list\"><li>tart\u00f3san puffadtnak \u00e9rzed magad, vagy ev\u00e9sn\u00e9l gyorsan tel\u00edt\u0151dsz;<\/li>\n\n<li>szokatlanul gyakran kell vizelned, vagy nyom\u00e1st \u00e9rzel az alhasban;<\/li>\n\n<li>hetek \u00f3ta tart\u00f3, tompa alhasi f\u00e1jdalmad van.<\/li><\/ul><p class=\"wp-block-paragraph\">Ezek a jelek nem azt jelentik, hogy biztosan baj van, de azt igen, hogy nem \u00e9rdemes hetekig otthon v\u00e1rni.<\/p><p class=\"wp-block-paragraph\">A petef\u00e9szek-ciszta a legt\u00f6bb esetben nem valami baj jele, hanem ink\u00e1bb annak, hogy a petef\u00e9szek dolgozik. A l\u00e9nyeg nem az, hogy minden ciszt\u00e1t elt\u00e1vol\u00edtsunk, hanem hogy kisz\u0171rj\u00fck azt a kev\u00e9s esetet, amikor t\u00e9nyleg oda kell figyelni. Ha legk\u00f6zelebb az ultrahangn\u00e1l elhangzik a \u201eciszta&#8221; sz\u00f3, nyugodtan tedd fel a k\u00e9rd\u00e9st: funkcion\u00e1lis, vagy olyan, amit k\u00f6vetn\u00fcnk kell?<\/p><p class=\"wp-block-paragraph\"><strong><a href=\"https:\/\/l33.hu\/en\/rendelesi-tablazat\/\">Ha k\u00e9rd\u00e9sed van, vagy vizsg\u00e1latra lenne sz\u00fcks\u00e9ged, fordulj bizalommal szak\u00e9rt\u0151 koll\u00e9g\u00e1inkhoz!<\/a><\/strong><\/p>","protected":false},"excerpt":{"rendered":"<p>A n\u0151gy\u00f3gy\u00e1szati ultrahang k\u00e9perny\u0151j\u00e9n megjelenik egy s\u00f6t\u00e9t folt, \u00e9s a k\u00f6vetkez\u0151 mondat ut\u00e1n \u2013 \u201evan itt egy petef\u00e9szek-ciszta&#8221; \u2013 sok p\u00e1ciensnek elakad a l\u00e9legzete. Pedig a ciszta sz\u00f3 a rendel\u0151ben nagyon ritk\u00e1n jelenti azt, amit\u0151l els\u0151re mindenki megijed. A petef\u00e9szek-ciszt\u00e1k t\u00falnyom\u00f3 t\u00f6bbs\u00e9ge nem betegs\u00e9g, hanem a petef\u00e9szek m\u0171k\u00f6d\u00e9s\u00e9nek teljesen term\u00e9szetes velej\u00e1r\u00f3ja. A t\u00e9m\u00e1ban Dr. Szigethy &#8230; <a title=\"Petef\u00e9szek-ciszta: mikor \u00e1rtalmatlan, \u00e9s mikor kell miatta orvoshoz fordulni?\" class=\"read-more\" href=\"https:\/\/l33.hu\/en\/petefeszek-ciszta-mikor-artalmatlan-es-mikor-kell-miatta-orvoshoz-fordulni\/\" aria-label=\"Read more about Petef\u00e9szek-ciszta: mikor \u00e1rtalmatlan, \u00e9s mikor kell miatta orvoshoz fordulni?\">Read more<\/a><\/p>","protected":false},"author":14,"featured_media":17186,"comment_status":"open","ping_status":"open","sticky":false,"template":"","format":"standard","meta":{"inline_featured_image":false,"footnotes":""},"categories":[16],"tags":[273,309,351],"class_list":["post-17185","post","type-post","status-publish","format-standard","has-post-thumbnail","hentry","category-nogyogyaszat","tag-alhasi-fajdalom","tag-petefeszek","tag-petefeszek-ciszta","generate-columns","tablet-grid-50","mobile-grid-100","grid-parent","grid-33"],"_links":{"self":[{"href":"https:\/\/l33.hu\/en\/wp-json\/wp\/v2\/posts\/17185","targetHints":{"allow":["GET"]}}],"collection":[{"href":"https:\/\/l33.hu\/en\/wp-json\/wp\/v2\/posts"}],"about":[{"href":"https:\/\/l33.hu\/en\/wp-json\/wp\/v2\/types\/post"}],"author":[{"embeddable":true,"href":"https:\/\/l33.hu\/en\/wp-json\/wp\/v2\/users\/14"}],"replies":[{"embeddable":true,"href":"https:\/\/l33.hu\/en\/wp-json\/wp\/v2\/comments?post=17185"}],"version-history":[{"count":1,"href":"https:\/\/l33.hu\/en\/wp-json\/wp\/v2\/posts\/17185\/revisions"}],"predecessor-version":[{"id":17187,"href":"https:\/\/l33.hu\/en\/wp-json\/wp\/v2\/posts\/17185\/revisions\/17187"}],"wp:featuredmedia":[{"embeddable":true,"href":"https:\/\/l33.hu\/en\/wp-json\/wp\/v2\/media\/17186"}],"wp:attachment":[{"href":"https:\/\/l33.hu\/en\/wp-json\/wp\/v2\/media?parent=17185"}],"wp:term":[{"taxonomy":"category","embeddable":true,"href":"https:\/\/l33.hu\/en\/wp-json\/wp\/v2\/categories?post=17185"},{"taxonomy":"post_tag","embeddable":true,"href":"https:\/\/l33.hu\/en\/wp-json\/wp\/v2\/tags?post=17185"}],"curies":[{"name":"wp","href":"https:\/\/api.w.org\/{rel}","templated":true}]}}